{"id":1228,"date":"2017-08-22T14:07:11","date_gmt":"2017-08-22T13:07:11","guid":{"rendered":"http:\/\/www.crerf-mueb.eu\/de\/?p=1228"},"modified":"2017-08-22T14:08:36","modified_gmt":"2017-08-22T13:08:36","slug":"symposium-risiken-auf-binnengewaessern","status":"publish","type":"post","link":"http:\/\/www.crerf-mueb.eu\/de\/2017\/08\/symposium-risiken-auf-binnengewaessern\/","title":{"rendered":"Symposium Risiken auf Binnengew\u00e4ssern"},"content":{"rendered":"<p><strong>\u00ab Gefahrenabwehr auf Wasserstra\u00dfen und in Binnenh\u00e4fen \u00bb, dies ist das zentrale Thema des am 20. und 21. September durch die Feuerwehr Mannheim organisierte Symposium.<\/strong><\/p>\n<p>Angesichts der 221,3 Millionen Tonnen G\u00fctern (Quelle: Statistisches Bundesamt, 2016), die \u00fcber Wasserstra\u00dfen transportiert werden, bildet die Binnenschifffahrt eine wichtige Rolle in der Nutzung von Fl\u00fcssen, Kan\u00e4len und H\u00e4fen.<\/p>\n<p>Das Symposium, das in Mannheim auf zwei Tage ausgerichtet ist, richtet sich an Feuerwehren, Beh\u00f6rden und Organisationen sowie Fachleute rund um das Thema Binnenschiffe, Binnenwasserstra\u00dfen und H\u00e4fen mit der Zielsetzung sich \u00fcber die Gefahrenabwehr auf den Binnenwasserstra\u00dfen und H\u00e4fen auszutauschen.<\/p>\n<p>Angesichts der Wichtigkeit des Themas, beteiligt der Expertenausschuss Gefahrenabwehr auf dem Rhein der Oberrheinkonferenz sich als Mitorganisator. Die Vortr\u00e4ge des Symposiums werden simultan gedolmetscht auf Deutsch und Franz\u00f6sisch.<\/p>\n<p><strong>Beteiligung nur auf Voranmeldung.<\/strong> Alle detaillierten Informationen finden Sie in beiliegendem <a href=\"http:\/\/www.crerf-mueb.eu\/wp-content\/uploads\/2017\/08\/170728_gefahrenabw_wasserstr_programm_de2.pdf\" target=\"_blank\" rel=\"\">Programm<\/a>.<\/p>\n","protected":false},"excerpt":{"rendered":"<p>\u00ab Gefahrenabwehr auf Wasserstra\u00dfen und in Binnenh\u00e4fen \u00bb, dies ist das zentrale Thema des am 20. und 21. September durch die Feuerwehr Mannheim organisierte Symposium. Angesichts der 221,3 Millionen Tonnen G\u00fctern (Quelle: Statistisches Bundesamt, 2016), die \u00fcber Wasserstra\u00dfen transportiert werden, bildet die Binnenschifffahrt eine wichtige Rolle in der Nutzung von Fl\u00fcssen, Kan\u00e4len und H\u00e4fen. Das [&hellip;]<\/p>\n","protected":false},"author":13,"featured_media":0,"comment_status":"closed","ping_status":"open","sticky":false,"template":"","format":"standard","meta":{"_mi_skip_tracking":false},"categories":[13],"tags":[],"yoast_head":"<!-- This site is optimized with the Yoast SEO plugin v20.5 - https:\/\/yoast.com\/wordpress\/plugins\/seo\/ -->\n<title>Symposium Risiken auf Binnengew\u00e4ssern - CRERF M\u00dcB<\/title>\n<meta name=\"robots\" content=\"index, follow, max-snippet:-1, max-image-preview:large, max-video-preview:-1\" \/>\n<link rel=\"canonical\" href=\"https:\/\/www.crerf-mueb.eu\/de\/2017\/08\/symposium-risiken-auf-binnengewaessern\/\" \/>\n<meta property=\"og:locale\" content=\"de_DE\" \/>\n<meta property=\"og:type\" content=\"article\" \/>\n<meta property=\"og:title\" content=\"Symposium Risiken auf Binnengew\u00e4ssern - CRERF M\u00dcB\" \/>\n<meta property=\"og:description\" content=\"\u00ab Gefahrenabwehr auf Wasserstra\u00dfen und in Binnenh\u00e4fen \u00bb, dies ist das zentrale Thema des am 20. und 21. September durch die Feuerwehr Mannheim organisierte Symposium. Angesichts der 221,3 Millionen Tonnen G\u00fctern (Quelle: Statistisches Bundesamt, 2016), die \u00fcber Wasserstra\u00dfen transportiert werden, bildet die Binnenschifffahrt eine wichtige Rolle in der Nutzung von Fl\u00fcssen, Kan\u00e4len und H\u00e4fen. Das [&hellip;]\" \/>\n<meta property=\"og:url\" content=\"https:\/\/www.crerf-mueb.eu\/de\/2017\/08\/symposium-risiken-auf-binnengewaessern\/\" \/>\n<meta property=\"og:site_name\" content=\"CRERF M\u00dcB\" \/>\n<meta property=\"article:published_time\" content=\"2017-08-22T13:07:11+00:00\" \/>\n<meta property=\"article:modified_time\" content=\"2017-08-22T13:08:36+00:00\" \/>\n<meta name=\"author\" content=\"Carole Vierling\" \/>\n<meta name=\"twitter:card\" content=\"summary_large_image\" \/>\n<meta name=\"twitter:label1\" content=\"Verfasst von\" \/>\n\t<meta name=\"twitter:data1\" content=\"Carole Vierling\" \/>\n\t<meta name=\"twitter:label2\" content=\"Gesch\u00e4tzte Lesezeit\" \/>\n\t<meta name=\"twitter:data2\" content=\"1\u00a0Minute\" \/>\n<script type=\"application\/ld+json\" class=\"yoast-schema-graph\">{\"@context\":\"https:\/\/schema.org\",\"@graph\":[{\"@type\":\"WebPage\",\"@id\":\"https:\/\/www.crerf-mueb.eu\/de\/2017\/08\/symposium-risiken-auf-binnengewaessern\/\",\"url\":\"https:\/\/www.crerf-mueb.eu\/de\/2017\/08\/symposium-risiken-auf-binnengewaessern\/\",\"name\":\"Symposium Risiken auf Binnengew\u00e4ssern - CRERF M\u00dcB\",\"isPartOf\":{\"@id\":\"https:\/\/www.crerf-mueb.eu\/#website\"},\"datePublished\":\"2017-08-22T13:07:11+00:00\",\"dateModified\":\"2017-08-22T13:08:36+00:00\",\"author\":{\"@id\":\"https:\/\/www.crerf-mueb.eu\/#\/schema\/person\/5064d78adc89dd5873017ec4a4393305\"},\"breadcrumb\":{\"@id\":\"https:\/\/www.crerf-mueb.eu\/de\/2017\/08\/symposium-risiken-auf-binnengewaessern\/#breadcrumb\"},\"inLanguage\":\"de\",\"potentialAction\":[{\"@type\":\"ReadAction\",\"target\":[\"https:\/\/www.crerf-mueb.eu\/de\/2017\/08\/symposium-risiken-auf-binnengewaessern\/\"]}]},{\"@type\":\"BreadcrumbList\",\"@id\":\"https:\/\/www.crerf-mueb.eu\/de\/2017\/08\/symposium-risiken-auf-binnengewaessern\/#breadcrumb\",\"itemListElement\":[{\"@type\":\"ListItem\",\"position\":1,\"name\":\"Accueil\",\"item\":\"http:\/\/www.crerf-mueb.eu\/de\/\"},{\"@type\":\"ListItem\",\"position\":2,\"name\":\"Symposium Risiken auf Binnengew\u00e4ssern\"}]},{\"@type\":\"WebSite\",\"@id\":\"https:\/\/www.crerf-mueb.eu\/#website\",\"url\":\"https:\/\/www.crerf-mueb.eu\/\",\"name\":\"CRERF M\u00dcB\",\"description\":\"River Risk Control Training Center\",\"potentialAction\":[{\"@type\":\"SearchAction\",\"target\":{\"@type\":\"EntryPoint\",\"urlTemplate\":\"https:\/\/www.crerf-mueb.eu\/?s={search_term_string}\"},\"query-input\":\"required name=search_term_string\"}],\"inLanguage\":\"de\"},{\"@type\":\"Person\",\"@id\":\"https:\/\/www.crerf-mueb.eu\/#\/schema\/person\/5064d78adc89dd5873017ec4a4393305\",\"name\":\"Carole Vierling\",\"image\":{\"@type\":\"ImageObject\",\"inLanguage\":\"de\",\"@id\":\"https:\/\/www.crerf-mueb.eu\/#\/schema\/person\/image\/\",\"url\":\"http:\/\/1.gravatar.com\/avatar\/42addd05ed708277c38034cda14023bd?s=96&d=mm&r=g\",\"contentUrl\":\"http:\/\/1.gravatar.com\/avatar\/42addd05ed708277c38034cda14023bd?s=96&d=mm&r=g\",\"caption\":\"Carole Vierling\"},\"url\":\"http:\/\/www.crerf-mueb.eu\/de\/author\/80279\/\"}]}<\/script>\n<!-- \/ Yoast SEO plugin. -->","yoast_head_json":{"title":"Symposium Risiken auf Binnengew\u00e4ssern - CRERF M\u00dcB","robots":{"index":"index","follow":"follow","max-snippet":"max-snippet:-1","max-image-preview":"max-image-preview:large","max-video-preview":"max-video-preview:-1"},"canonical":"https:\/\/www.crerf-mueb.eu\/de\/2017\/08\/symposium-risiken-auf-binnengewaessern\/","og_locale":"de_DE","og_type":"article","og_title":"Symposium Risiken auf Binnengew\u00e4ssern - CRERF M\u00dcB","og_description":"\u00ab Gefahrenabwehr auf Wasserstra\u00dfen und in Binnenh\u00e4fen \u00bb, dies ist das zentrale Thema des am 20. und 21. September durch die Feuerwehr Mannheim organisierte Symposium. Angesichts der 221,3 Millionen Tonnen G\u00fctern (Quelle: Statistisches Bundesamt, 2016), die \u00fcber Wasserstra\u00dfen transportiert werden, bildet die Binnenschifffahrt eine wichtige Rolle in der Nutzung von Fl\u00fcssen, Kan\u00e4len und H\u00e4fen. Das [&hellip;]","og_url":"https:\/\/www.crerf-mueb.eu\/de\/2017\/08\/symposium-risiken-auf-binnengewaessern\/","og_site_name":"CRERF M\u00dcB","article_published_time":"2017-08-22T13:07:11+00:00","article_modified_time":"2017-08-22T13:08:36+00:00","author":"Carole Vierling","twitter_card":"summary_large_image","twitter_misc":{"Verfasst von":"Carole Vierling","Gesch\u00e4tzte Lesezeit":"1\u00a0Minute"},"schema":{"@context":"https:\/\/schema.org","@graph":[{"@type":"WebPage","@id":"https:\/\/www.crerf-mueb.eu\/de\/2017\/08\/symposium-risiken-auf-binnengewaessern\/","url":"https:\/\/www.crerf-mueb.eu\/de\/2017\/08\/symposium-risiken-auf-binnengewaessern\/","name":"Symposium Risiken auf Binnengew\u00e4ssern - CRERF M\u00dcB","isPartOf":{"@id":"https:\/\/www.crerf-mueb.eu\/#website"},"datePublished":"2017-08-22T13:07:11+00:00","dateModified":"2017-08-22T13:08:36+00:00","author":{"@id":"https:\/\/www.crerf-mueb.eu\/#\/schema\/person\/5064d78adc89dd5873017ec4a4393305"},"breadcrumb":{"@id":"https:\/\/www.crerf-mueb.eu\/de\/2017\/08\/symposium-risiken-auf-binnengewaessern\/#breadcrumb"},"inLanguage":"de","potentialAction":[{"@type":"ReadAction","target":["https:\/\/www.crerf-mueb.eu\/de\/2017\/08\/symposium-risiken-auf-binnengewaessern\/"]}]},{"@type":"BreadcrumbList","@id":"https:\/\/www.crerf-mueb.eu\/de\/2017\/08\/symposium-risiken-auf-binnengewaessern\/#breadcrumb","itemListElement":[{"@type":"ListItem","position":1,"name":"Accueil","item":"http:\/\/www.crerf-mueb.eu\/de\/"},{"@type":"ListItem","position":2,"name":"Symposium Risiken auf Binnengew\u00e4ssern"}]},{"@type":"WebSite","@id":"https:\/\/www.crerf-mueb.eu\/#website","url":"https:\/\/www.crerf-mueb.eu\/","name":"CRERF M\u00dcB","description":"River Risk Control Training Center","potentialAction":[{"@type":"SearchAction","target":{"@type":"EntryPoint","urlTemplate":"https:\/\/www.crerf-mueb.eu\/?s={search_term_string}"},"query-input":"required name=search_term_string"}],"inLanguage":"de"},{"@type":"Person","@id":"https:\/\/www.crerf-mueb.eu\/#\/schema\/person\/5064d78adc89dd5873017ec4a4393305","name":"Carole Vierling","image":{"@type":"ImageObject","inLanguage":"de","@id":"https:\/\/www.crerf-mueb.eu\/#\/schema\/person\/image\/","url":"http:\/\/1.gravatar.com\/avatar\/42addd05ed708277c38034cda14023bd?s=96&d=mm&r=g","contentUrl":"http:\/\/1.gravatar.com\/avatar\/42addd05ed708277c38034cda14023bd?s=96&d=mm&r=g","caption":"Carole Vierling"},"url":"http:\/\/www.crerf-mueb.eu\/de\/author\/80279\/"}]}},"_links":{"self":[{"href":"http:\/\/www.crerf-mueb.eu\/de\/wp-json\/wp\/v2\/posts\/1228"}],"collection":[{"href":"http:\/\/www.crerf-mueb.eu\/de\/wp-json\/wp\/v2\/posts"}],"about":[{"href":"http:\/\/www.crerf-mueb.eu\/de\/wp-json\/wp\/v2\/types\/post"}],"author":[{"embeddable":true,"href":"http:\/\/www.crerf-mueb.eu\/de\/wp-json\/wp\/v2\/users\/13"}],"replies":[{"embeddable":true,"href":"http:\/\/www.crerf-mueb.eu\/de\/wp-json\/wp\/v2\/comments?post=1228"}],"version-history":[{"count":3,"href":"http:\/\/www.crerf-mueb.eu\/de\/wp-json\/wp\/v2\/posts\/1228\/revisions"}],"predecessor-version":[{"id":1232,"href":"http:\/\/www.crerf-mueb.eu\/de\/wp-json\/wp\/v2\/posts\/1228\/revisions\/1232"}],"wp:attachment":[{"href":"http:\/\/www.crerf-mueb.eu\/de\/wp-json\/wp\/v2\/media?parent=1228"}],"wp:term":[{"taxonomy":"category","embeddable":true,"href":"http:\/\/www.crerf-mueb.eu\/de\/wp-json\/wp\/v2\/categories?post=1228"},{"taxonomy":"post_tag","embeddable":true,"href":"http:\/\/www.crerf-mueb.eu\/de\/wp-json\/wp\/v2\/tags?post=1228"}],"curies":[{"name":"wp","href":"https:\/\/api.w.org\/{rel}","templated":true}]}}